{"id":237,"date":"2019-06-04T07:51:53","date_gmt":"2019-06-04T07:51:53","guid":{"rendered":"https:\/\/sandbo-ejerlaug.dk\/?p=237"},"modified":"2020-11-03T17:43:50","modified_gmt":"2020-11-03T17:43:50","slug":"referat-fra-generalforsamlingen","status":"publish","type":"post","link":"https:\/\/sandbo-ejerlaug.dk\/index.php\/2019\/06\/04\/referat-fra-generalforsamlingen\/","title":{"rendered":"Referat fra generalforsamlingen"},"content":{"rendered":"\n<p>(04-06-19):<\/p>\n\n\n\n<p>Referat fra generalforsamlingen, l\u00f8rdag d.25.maj, kan nu findes under <a href=\"https:\/\/sandbo-ejerlaug.dk\/index.php\/generalforsamlinger\/\" data-type=\"page\" data-id=\"77\">Info &gt; Generalforsamlinger<\/a>.<\/p>\n\n\n\n<p>Oplysninger om kontingentopkr\u00e6vning, medlemsbrev mm. fremsendes af foreningens administrator, B\u00f8dkerg\u00e5rden, p\u00e5 et senere tidspunkt.<\/p>\n\n\n\n<p>Allerede nu kan det imidlertid v\u00e6re p\u00e5 sin plads at fremh\u00e6ve, at der p\u00e5 generalforsamlingen blev vedtaget et almindeligt kontingent p\u00e5 900 kr. for medlemmer, der er tilmeldt digital kommunikation og et forh\u00f8jet kontingent p\u00e5 1100 kr. for medlemmer, der IKKE er tilmeldt digital kommunikation. Fra bestyrelsens side skal der derfor lyde en opfordring til at tilmelde sig digital kommunikation snarest muligt.<\/p>\n\n\n\n<p>Tilmeldingen skal ske pr. email til foreningens sekret\u00e6r, Leif Thy. Mailadresse og hvilke oplysninger, tilmeldingen skal indeholde, fremg\u00e5r af bestyrelsens skriftlige beretning <a href=\"https:\/\/sandbo-ejerlaug.dk\/index.php\/2019\/05\/07\/generalforsamling-2019\/\" data-type=\"post\" data-id=\"240\">(se Generalforsamling 2019<\/a>.<\/p>\n","protected":false},"excerpt":{"rendered":"<p>(04-06-19): Referat fra generalforsamlingen, l\u00f8rdag d.25.maj, kan nu findes under Info &gt; Generalforsamlinger. Oplysninger om kontingentopkr\u00e6vning, medlemsbrev mm. fremsendes af foreningens administrator, B\u00f8dkerg\u00e5rden, p\u00e5 et senere tidspunkt. Allerede nu kan det imidlertid v\u00e6re p\u00e5 sin plads at fremh\u00e6ve, at der &hellip; <a href=\"https:\/\/sandbo-ejerlaug.dk\/index.php\/2019\/06\/04\/referat-fra-generalforsamlingen\/\">L\u00e6s resten <span class=\"meta-nav\">&rarr;<\/span><\/a><\/p>\n","protected":false},"author":1,"featured_media":0,"comment_status":"closed","ping_status":"closed","sticky":false,"template":"","format":"standard","meta":{"footnotes":""},"categories":[7,6],"tags":[],"class_list":["post-237","post","type-post","status-publish","format-standard","hentry","category-bestyrelsen","category-generalforsamling"],"_links":{"self":[{"href":"https:\/\/sandbo-ejerlaug.dk\/index.php\/wp-json\/wp\/v2\/posts\/237","targetHints":{"allow":["GET"]}}],"collection":[{"href":"https:\/\/sandbo-ejerlaug.dk\/index.php\/wp-json\/wp\/v2\/posts"}],"about":[{"href":"https:\/\/sandbo-ejerlaug.dk\/index.php\/wp-json\/wp\/v2\/types\/post"}],"author":[{"embeddable":true,"href":"https:\/\/sandbo-ejerlaug.dk\/index.php\/wp-json\/wp\/v2\/users\/1"}],"replies":[{"embeddable":true,"href":"https:\/\/sandbo-ejerlaug.dk\/index.php\/wp-json\/wp\/v2\/comments?post=237"}],"version-history":[{"count":4,"href":"https:\/\/sandbo-ejerlaug.dk\/index.php\/wp-json\/wp\/v2\/posts\/237\/revisions"}],"predecessor-version":[{"id":244,"href":"https:\/\/sandbo-ejerlaug.dk\/index.php\/wp-json\/wp\/v2\/posts\/237\/revisions\/244"}],"wp:attachment":[{"href":"https:\/\/sandbo-ejerlaug.dk\/index.php\/wp-json\/wp\/v2\/media?parent=237"}],"wp:term":[{"taxonomy":"category","embeddable":true,"href":"https:\/\/sandbo-ejerlaug.dk\/index.php\/wp-json\/wp\/v2\/categories?post=237"},{"taxonomy":"post_tag","embeddable":true,"href":"https:\/\/sandbo-ejerlaug.dk\/index.php\/wp-json\/wp\/v2\/tags?post=237"}],"curies":[{"name":"wp","href":"https:\/\/api.w.org\/{rel}","templated":true}]}}